{"id":1406,"date":"2022-05-20T11:52:35","date_gmt":"2022-05-20T11:52:35","guid":{"rendered":"http:\/\/www.anfangola.com\/?p=1406"},"modified":"2022-09-22T13:47:04","modified_gmt":"2022-09-22T13:47:04","slug":"julinho-recebe-os-dois-trofeus-conquistados","status":"publish","type":"post","link":"https:\/\/www.anfangola.com\/?p=1406","title":{"rendered":"Julinho recebe os dois trof\u00e9us conquistados em Abril"},"content":{"rendered":"\n<p>O jovem ponta de lan\u00e7a do interclube JULINHO rec\u00e9m convocado pelos Palancas Negras, recebeu os seus trof\u00e9us conquistados, de Jogador e Jovem Jogador do M\u00eas de Abril do Girabola 2021\/2022,  distin\u00e7\u00e3o da ANFA. <\/p>\n\n\n\n<figure class=\"wp-block-image size-large\"><img loading=\"lazy\" width=\"768\" height=\"1024\" src=\"https:\/\/www.anfangola.com\/wp-content\/uploads\/2022\/05\/IMG-20220520-WA0028-768x1024.jpg\" alt=\"\" class=\"wp-image-1407\" srcset=\"https:\/\/www.anfangola.com\/wp-content\/uploads\/2022\/05\/IMG-20220520-WA0028-768x1024.jpg 768w, https:\/\/www.anfangola.com\/wp-content\/uploads\/2022\/05\/IMG-20220520-WA0028-225x300.jpg 225w, https:\/\/www.anfangola.com\/wp-content\/uploads\/2022\/05\/IMG-20220520-WA0028-96x128.jpg 96w, https:\/\/www.anfangola.com\/wp-content\/uploads\/2022\/05\/IMG-20220520-WA0028-24x32.jpg 24w, https:\/\/www.anfangola.com\/wp-content\/uploads\/2022\/05\/IMG-20220520-WA0028.jpg 960w\" sizes=\"(max-width: 768px) 100vw, 768px\" \/><\/figure>\n\n\n\n<figure class=\"wp-block-image size-large\"><img loading=\"lazy\" width=\"768\" height=\"1024\" src=\"https:\/\/www.anfangola.com\/wp-content\/uploads\/2022\/05\/IMG-20220520-WA0026-768x1024.jpg\" alt=\"\" class=\"wp-image-1409\" srcset=\"https:\/\/www.anfangola.com\/wp-content\/uploads\/2022\/05\/IMG-20220520-WA0026-768x1024.jpg 768w, https:\/\/www.anfangola.com\/wp-content\/uploads\/2022\/05\/IMG-20220520-WA0026-225x300.jpg 225w, https:\/\/www.anfangola.com\/wp-content\/uploads\/2022\/05\/IMG-20220520-WA0026-96x128.jpg 96w, https:\/\/www.anfangola.com\/wp-content\/uploads\/2022\/05\/IMG-20220520-WA0026-24x32.jpg 24w, https:\/\/www.anfangola.com\/wp-content\/uploads\/2022\/05\/IMG-20220520-WA0026.jpg 960w\" sizes=\"(max-width: 768px) 100vw, 768px\" \/><\/figure>\n","protected":false},"excerpt":{"rendered":"<p>O jovem ponta de lan\u00e7a do interclube JULINHO rec\u00e9m convocado pelos Palancas Negras, recebeu os&#8230;<\/p>\n","protected":false},"author":3,"featured_media":1408,"comment_status":"closed","ping_status":"closed","sticky":false,"template":"","format":"standard","meta":[],"categories":[1],"tags":[],"_links":{"self":[{"href":"https:\/\/www.anfangola.com\/index.php?rest_route=\/wp\/v2\/posts\/1406"}],"collection":[{"href":"https:\/\/www.anfangola.com\/index.php?rest_route=\/wp\/v2\/posts"}],"about":[{"href":"https:\/\/www.anfangola.com\/index.php?rest_route=\/wp\/v2\/types\/post"}],"author":[{"embeddable":true,"href":"https:\/\/www.anfangola.com\/index.php?rest_route=\/wp\/v2\/users\/3"}],"replies":[{"embeddable":true,"href":"https:\/\/www.anfangola.com\/index.php?rest_route=%2Fwp%2Fv2%2Fcomments&post=1406"}],"version-history":[{"count":2,"href":"https:\/\/www.anfangola.com\/index.php?rest_route=\/wp\/v2\/posts\/1406\/revisions"}],"predecessor-version":[{"id":1412,"href":"https:\/\/www.anfangola.com\/index.php?rest_route=\/wp\/v2\/posts\/1406\/revisions\/1412"}],"wp:featuredmedia":[{"embeddable":true,"href":"https:\/\/www.anfangola.com\/index.php?rest_route=\/wp\/v2\/media\/1408"}],"wp:attachment":[{"href":"https:\/\/www.anfangola.com\/index.php?rest_route=%2Fwp%2Fv2%2Fmedia&parent=1406"}],"wp:term":[{"taxonomy":"category","embeddable":true,"href":"https:\/\/www.anfangola.com\/index.php?rest_route=%2Fwp%2Fv2%2Fcategories&post=1406"},{"taxonomy":"post_tag","embeddable":true,"href":"https:\/\/www.anfangola.com\/index.php?rest_route=%2Fwp%2Fv2%2Ftags&post=1406"}],"curies":[{"name":"wp","href":"https:\/\/api.w.org\/{rel}","templated":true}]}}