{"id":2018,"date":"2023-05-21T09:34:58","date_gmt":"2023-05-21T09:34:58","guid":{"rendered":"http:\/\/www.anfangola.com\/?p=2018"},"modified":"2023-05-21T09:35:00","modified_gmt":"2023-05-21T09:35:00","slug":"nota-de-condolencias-2","status":"publish","type":"post","link":"https:\/\/www.anfangola.com\/?p=2018","title":{"rendered":"NOTA DE CONDOL\u00caNCIAS"},"content":{"rendered":"\n<p>Foi com profunda dor e consterna\u00e7\u00e3o, que a Associa\u00e7\u00e3o Nacional dos Futebolistas de Angola (ANFA) e o colectivo da classe que representa, tomaram conhecimento do passamento f\u00edsico do Director de Comunica\u00e7\u00e3o da Federa\u00e7\u00e3o Angolana de Futebol (FAF), Ant\u00f3nio Muachilela, ocorrido em Luanda, no dia 20 de Maio do ano em curso, v\u00edtima de doen\u00e7a.<\/p>\n\n\n\n<p>Jornalista s\u00e9nior e conceituado apresentador dos principais servi\u00e7os de noticias da R\u00e1dio nacional de Angola ao longo dos anos, que at\u00e9 a data do seu passamento f\u00edsico, com muito profissionalismo e<br>sentimento patri\u00f3tico, desempenhou a fun\u00e7\u00e3o de Director de Comunica\u00e7\u00e3o da FAF, fun\u00e7\u00e3o esta que permitiu com que manteve uma rela\u00e7\u00e3o muito pr\u00f3xima com a ANFA.<\/p>\n\n\n\n<p>Nesta hora de muita dor e tristeza, a ANFA, em nome da classe dos futebolistas em Angola e no mundo, endere\u00e7a ao jornalismo nacional, \u00e0 FAF, amigos e \u00e0 fam\u00edlia enlutada, os mais profundos sentimentos de pesar.<\/p>\n\n\n\n<p>Luanda, aos 20 de Maio de 2023<\/p>\n\n\n\n<p>J\u00daLIO G. S. LEMOS<br>O Secret\u00e1rio-geral<\/p>\n","protected":false},"excerpt":{"rendered":"<p>Foi com profunda dor e consterna\u00e7\u00e3o, que a Associa\u00e7\u00e3o Nacional dos Futebolistas de Angola (ANFA)&#8230;<\/p>\n","protected":false},"author":3,"featured_media":1816,"comment_status":"closed","ping_status":"closed","sticky":false,"template":"","format":"standard","meta":[],"categories":[1],"tags":[],"_links":{"self":[{"href":"https:\/\/www.anfangola.com\/index.php?rest_route=\/wp\/v2\/posts\/2018"}],"collection":[{"href":"https:\/\/www.anfangola.com\/index.php?rest_route=\/wp\/v2\/posts"}],"about":[{"href":"https:\/\/www.anfangola.com\/index.php?rest_route=\/wp\/v2\/types\/post"}],"author":[{"embeddable":true,"href":"https:\/\/www.anfangola.com\/index.php?rest_route=\/wp\/v2\/users\/3"}],"replies":[{"embeddable":true,"href":"https:\/\/www.anfangola.com\/index.php?rest_route=%2Fwp%2Fv2%2Fcomments&post=2018"}],"version-history":[{"count":2,"href":"https:\/\/www.anfangola.com\/index.php?rest_route=\/wp\/v2\/posts\/2018\/revisions"}],"predecessor-version":[{"id":2293,"href":"https:\/\/www.anfangola.com\/index.php?rest_route=\/wp\/v2\/posts\/2018\/revisions\/2293"}],"wp:featuredmedia":[{"embeddable":true,"href":"https:\/\/www.anfangola.com\/index.php?rest_route=\/wp\/v2\/media\/1816"}],"wp:attachment":[{"href":"https:\/\/www.anfangola.com\/index.php?rest_route=%2Fwp%2Fv2%2Fmedia&parent=2018"}],"wp:term":[{"taxonomy":"category","embeddable":true,"href":"https:\/\/www.anfangola.com\/index.php?rest_route=%2Fwp%2Fv2%2Fcategories&post=2018"},{"taxonomy":"post_tag","embeddable":true,"href":"https:\/\/www.anfangola.com\/index.php?rest_route=%2Fwp%2Fv2%2Ftags&post=2018"}],"curies":[{"name":"wp","href":"https:\/\/api.w.org\/{rel}","templated":true}]}}