{"id":2341,"date":"2023-12-09T17:34:23","date_gmt":"2023-12-09T17:34:23","guid":{"rendered":"http:\/\/www.anfangola.com\/?p=2341"},"modified":"2023-12-09T17:43:26","modified_gmt":"2023-12-09T17:43:26","slug":"anfa-senta-com-campeao-de-luanda-da-fase-provincial-da-taca-de-angola","status":"publish","type":"post","link":"https:\/\/www.anfangola.com\/?p=2341","title":{"rendered":"ANFA SENTA COM CAMPE\u00c3O DE LUANDA DA FASE PROVINCIAL DA TA\u00c7A DE ANGOLA"},"content":{"rendered":"\n<p>Nedji ACFC, que recentemente sagrou-se campe\u00e3o de Luanda da Ta\u00e7a de Angola Fase Provincial, recebeu ontem, o Presidente de Direc\u00e7\u00e3o da Associa\u00e7\u00e3o Nacional dos Futebolistas em Angola.<\/p>\n\n\n\n<figure class=\"wp-block-image size-large\"><img loading=\"lazy\" width=\"1024\" height=\"498\" src=\"http:\/\/www.anfangola.com\/wp-content\/uploads\/2023\/12\/IMG-20231208-WA0028-1-1024x498.jpg\" alt=\"\" class=\"wp-image-2349\" srcset=\"https:\/\/www.anfangola.com\/wp-content\/uploads\/2023\/12\/IMG-20231208-WA0028-1-1024x498.jpg 1024w, https:\/\/www.anfangola.com\/wp-content\/uploads\/2023\/12\/IMG-20231208-WA0028-1-300x146.jpg 300w, https:\/\/www.anfangola.com\/wp-content\/uploads\/2023\/12\/IMG-20231208-WA0028-1-768x373.jpg 768w, https:\/\/www.anfangola.com\/wp-content\/uploads\/2023\/12\/IMG-20231208-WA0028-1-128x62.jpg 128w, https:\/\/www.anfangola.com\/wp-content\/uploads\/2023\/12\/IMG-20231208-WA0028-1-32x16.jpg 32w, https:\/\/www.anfangola.com\/wp-content\/uploads\/2023\/12\/IMG-20231208-WA0028-1.jpg 1280w\" sizes=\"(max-width: 1024px) 100vw, 1024px\" \/><\/figure>\n\n\n\n<p>O encontro enquadra-se na agenda de visitas que tem sido levado a cabo pela ANFA desde o princ\u00edpio do ano em curso, com a vista a alargar o leque de associados.<\/p>\n\n\n\n<figure class=\"wp-block-image size-large\"><img loading=\"lazy\" width=\"1024\" height=\"498\" src=\"http:\/\/www.anfangola.com\/wp-content\/uploads\/2023\/12\/IMG-20231208-WA0025-1024x498.jpg\" alt=\"\" class=\"wp-image-2344\" srcset=\"https:\/\/www.anfangola.com\/wp-content\/uploads\/2023\/12\/IMG-20231208-WA0025-1024x498.jpg 1024w, https:\/\/www.anfangola.com\/wp-content\/uploads\/2023\/12\/IMG-20231208-WA0025-300x146.jpg 300w, https:\/\/www.anfangola.com\/wp-content\/uploads\/2023\/12\/IMG-20231208-WA0025-768x373.jpg 768w, https:\/\/www.anfangola.com\/wp-content\/uploads\/2023\/12\/IMG-20231208-WA0025-128x62.jpg 128w, https:\/\/www.anfangola.com\/wp-content\/uploads\/2023\/12\/IMG-20231208-WA0025-32x16.jpg 32w, https:\/\/www.anfangola.com\/wp-content\/uploads\/2023\/12\/IMG-20231208-WA0025.jpg 1280w\" sizes=\"(max-width: 1024px) 100vw, 1024px\" \/><\/figure>\n\n\n\n<p>No encontro, Igor Nascimento, Presidente da ANFA, apresentou a institui\u00e7\u00e3o que dirige, seus objectivos, deu a conhecer e teceu v\u00e1rios esclarecimentos sobre o Manual do Futebolista, que acopla v\u00e1rios conselhos de boa conduta para a classe.<\/p>\n\n\n\n<figure class=\"wp-block-image size-large\"><img loading=\"lazy\" width=\"1024\" height=\"498\" src=\"http:\/\/www.anfangola.com\/wp-content\/uploads\/2023\/12\/IMG-20231208-WA0023-1024x498.jpg\" alt=\"\" class=\"wp-image-2345\" srcset=\"https:\/\/www.anfangola.com\/wp-content\/uploads\/2023\/12\/IMG-20231208-WA0023-1024x498.jpg 1024w, https:\/\/www.anfangola.com\/wp-content\/uploads\/2023\/12\/IMG-20231208-WA0023-300x146.jpg 300w, https:\/\/www.anfangola.com\/wp-content\/uploads\/2023\/12\/IMG-20231208-WA0023-768x373.jpg 768w, https:\/\/www.anfangola.com\/wp-content\/uploads\/2023\/12\/IMG-20231208-WA0023-128x62.jpg 128w, https:\/\/www.anfangola.com\/wp-content\/uploads\/2023\/12\/IMG-20231208-WA0023-32x16.jpg 32w, https:\/\/www.anfangola.com\/wp-content\/uploads\/2023\/12\/IMG-20231208-WA0023.jpg 1280w\" sizes=\"(max-width: 1024px) 100vw, 1024px\" \/><\/figure>\n\n\n\n<p>Esclarecidos sobre as vantagens de fazer parte da ANFA, v\u00e1rios jogadores tornaram-se s\u00f3cios.<\/p>\n\n\n\n<p><strong>ANFA, A VOZ DO FUTEBOLISTA EM ANGOLA!<\/strong><\/p>\n","protected":false},"excerpt":{"rendered":"<p>Nedji ACFC, que recentemente sagrou-se campe\u00e3o de Luanda da Ta\u00e7a de Angola Fase Provincial, recebeu&#8230;<\/p>\n","protected":false},"author":3,"featured_media":2350,"comment_status":"closed","ping_status":"closed","sticky":false,"template":"","format":"standard","meta":[],"categories":[1],"tags":[],"_links":{"self":[{"href":"https:\/\/www.anfangola.com\/index.php?rest_route=\/wp\/v2\/posts\/2341"}],"collection":[{"href":"https:\/\/www.anfangola.com\/index.php?rest_route=\/wp\/v2\/posts"}],"about":[{"href":"https:\/\/www.anfangola.com\/index.php?rest_route=\/wp\/v2\/types\/post"}],"author":[{"embeddable":true,"href":"https:\/\/www.anfangola.com\/index.php?rest_route=\/wp\/v2\/users\/3"}],"replies":[{"embeddable":true,"href":"https:\/\/www.anfangola.com\/index.php?rest_route=%2Fwp%2Fv2%2Fcomments&post=2341"}],"version-history":[{"count":4,"href":"https:\/\/www.anfangola.com\/index.php?rest_route=\/wp\/v2\/posts\/2341\/revisions"}],"predecessor-version":[{"id":2355,"href":"https:\/\/www.anfangola.com\/index.php?rest_route=\/wp\/v2\/posts\/2341\/revisions\/2355"}],"wp:featuredmedia":[{"embeddable":true,"href":"https:\/\/www.anfangola.com\/index.php?rest_route=\/wp\/v2\/media\/2350"}],"wp:attachment":[{"href":"https:\/\/www.anfangola.com\/index.php?rest_route=%2Fwp%2Fv2%2Fmedia&parent=2341"}],"wp:term":[{"taxonomy":"category","embeddable":true,"href":"https:\/\/www.anfangola.com\/index.php?rest_route=%2Fwp%2Fv2%2Fcategories&post=2341"},{"taxonomy":"post_tag","embeddable":true,"href":"https:\/\/www.anfangola.com\/index.php?rest_route=%2Fwp%2Fv2%2Ftags&post=2341"}],"curies":[{"name":"wp","href":"https:\/\/api.w.org\/{rel}","templated":true}]}}