{"id":3566,"date":"2026-03-14T12:48:35","date_gmt":"2026-03-14T12:48:35","guid":{"rendered":"http:\/\/www.anfangola.com\/?p=3566"},"modified":"2026-03-14T12:50:24","modified_gmt":"2026-03-14T12:50:24","slug":"mabilson-e-neblu-ja-fazem-caricias-aos-trofeus-de-fevereiro","status":"publish","type":"post","link":"https:\/\/www.anfangola.com\/?p=3566","title":{"rendered":"MABILSON E NEBL\u00da J\u00c1 FAZEM &#8220;CAR\u00cdCIAS&#8221; AOS TROF\u00c9US DE FEVEREIRO"},"content":{"rendered":"\n<p>Os jogadores <strong>Mabilson<\/strong> e <strong>Nebl\u00fa<\/strong>, ambos do Clube Desportivo 1.\u00ba de Agosto, receberam no dia 13 de Mar\u00e7o de 2026 os trof\u00e9us correspondentes aos Pr\u00e9mios ANFA Girabola 2025\/26 referentes ao m\u00eas de Fevereiro. A entrega foi feita por Lu\u00eds de Melo, Secret\u00e1rio-Geral da ANFA, durante a mais uma sess\u00e3o de treinos da equipa militar.<\/p>\n\n\n\n<figure class=\"wp-block-image size-large\"><img loading=\"lazy\" width=\"768\" height=\"1024\" src=\"http:\/\/www.anfangola.com\/wp-content\/uploads\/2026\/03\/ENTREGA-DE-TROFEUS-MABILSON-E-NEBLU-4-768x1024.jpeg\" alt=\"\" class=\"wp-image-3557\" srcset=\"https:\/\/www.anfangola.com\/wp-content\/uploads\/2026\/03\/ENTREGA-DE-TROFEUS-MABILSON-E-NEBLU-4-768x1024.jpeg 768w, https:\/\/www.anfangola.com\/wp-content\/uploads\/2026\/03\/ENTREGA-DE-TROFEUS-MABILSON-E-NEBLU-4-225x300.jpeg 225w, https:\/\/www.anfangola.com\/wp-content\/uploads\/2026\/03\/ENTREGA-DE-TROFEUS-MABILSON-E-NEBLU-4-1152x1536.jpeg 1152w, https:\/\/www.anfangola.com\/wp-content\/uploads\/2026\/03\/ENTREGA-DE-TROFEUS-MABILSON-E-NEBLU-4-96x128.jpeg 96w, https:\/\/www.anfangola.com\/wp-content\/uploads\/2026\/03\/ENTREGA-DE-TROFEUS-MABILSON-E-NEBLU-4-24x32.jpeg 24w, https:\/\/www.anfangola.com\/wp-content\/uploads\/2026\/03\/ENTREGA-DE-TROFEUS-MABILSON-E-NEBLU-4-1024x1365.jpeg 1024w, https:\/\/www.anfangola.com\/wp-content\/uploads\/2026\/03\/ENTREGA-DE-TROFEUS-MABILSON-E-NEBLU-4.jpeg 1200w\" sizes=\"(max-width: 768px) 100vw, 768px\" \/><\/figure>\n\n\n\n<p>Na categoria Mi\u00fado Neto (Melhor Jogador Jovem Sub-23), Mabilson foi o grande vencedor ao reunir <strong>50%<\/strong> dos votos, superando <strong>Artur Kak\u00e1<\/strong>, do 1.\u00ba de Maio de Benguela, que obteve <strong>27%<\/strong>, e <strong>Il\u00eddio Panda<\/strong>, do Petro de Luanda, que terminou com <strong>23%<\/strong> da vota\u00e7\u00e3o.<\/p>\n\n\n\n<figure class=\"wp-block-image size-large\"><img loading=\"lazy\" width=\"768\" height=\"1024\" src=\"http:\/\/www.anfangola.com\/wp-content\/uploads\/2026\/03\/ENTREGA-DE-TROFEUS-MABILSON-E-NEBLU-6-768x1024.jpeg\" alt=\"\" class=\"wp-image-3559\" srcset=\"https:\/\/www.anfangola.com\/wp-content\/uploads\/2026\/03\/ENTREGA-DE-TROFEUS-MABILSON-E-NEBLU-6-768x1024.jpeg 768w, https:\/\/www.anfangola.com\/wp-content\/uploads\/2026\/03\/ENTREGA-DE-TROFEUS-MABILSON-E-NEBLU-6-225x300.jpeg 225w, https:\/\/www.anfangola.com\/wp-content\/uploads\/2026\/03\/ENTREGA-DE-TROFEUS-MABILSON-E-NEBLU-6-1152x1536.jpeg 1152w, https:\/\/www.anfangola.com\/wp-content\/uploads\/2026\/03\/ENTREGA-DE-TROFEUS-MABILSON-E-NEBLU-6-96x128.jpeg 96w, https:\/\/www.anfangola.com\/wp-content\/uploads\/2026\/03\/ENTREGA-DE-TROFEUS-MABILSON-E-NEBLU-6-24x32.jpeg 24w, https:\/\/www.anfangola.com\/wp-content\/uploads\/2026\/03\/ENTREGA-DE-TROFEUS-MABILSON-E-NEBLU-6-1024x1365.jpeg 1024w, https:\/\/www.anfangola.com\/wp-content\/uploads\/2026\/03\/ENTREGA-DE-TROFEUS-MABILSON-E-NEBLU-6.jpeg 1200w\" sizes=\"(max-width: 768px) 100vw, 768px\" \/><\/figure>\n\n\n\n<p>J\u00e1 no Trof\u00e9u Napole\u00e3o Brand\u00e3o (Melhor Guarda-Redes), o guardi\u00e3o <strong>Nebl\u00fa <\/strong>arrecadou <strong>43%<\/strong> dos votos, superando <strong>Rui Hon\u00e9simo<\/strong>, do Grupo Desportivo Interclube, que somou <strong>30%<\/strong>, e <strong>Anselmo Mbala<\/strong>, do Kabuscorp Sport Clube do Palanca, com <strong>27%<\/strong>. A vota\u00e7\u00e3o demonstrou equil\u00edbrio entre os candidatos, mas foi o guardi\u00e3o Rubro-Negro que, mais uma vez, levou o trof\u00e9u para casa.<\/p>\n\n\n\n<figure class=\"wp-block-image size-large\"><img loading=\"lazy\" width=\"768\" height=\"1024\" src=\"http:\/\/www.anfangola.com\/wp-content\/uploads\/2026\/03\/ENTREGA-DE-TROFEUS-MABILSON-E-NEBLU-2-768x1024.jpeg\" alt=\"\" class=\"wp-image-3555\" srcset=\"https:\/\/www.anfangola.com\/wp-content\/uploads\/2026\/03\/ENTREGA-DE-TROFEUS-MABILSON-E-NEBLU-2-768x1024.jpeg 768w, https:\/\/www.anfangola.com\/wp-content\/uploads\/2026\/03\/ENTREGA-DE-TROFEUS-MABILSON-E-NEBLU-2-225x300.jpeg 225w, https:\/\/www.anfangola.com\/wp-content\/uploads\/2026\/03\/ENTREGA-DE-TROFEUS-MABILSON-E-NEBLU-2-1152x1536.jpeg 1152w, https:\/\/www.anfangola.com\/wp-content\/uploads\/2026\/03\/ENTREGA-DE-TROFEUS-MABILSON-E-NEBLU-2-96x128.jpeg 96w, https:\/\/www.anfangola.com\/wp-content\/uploads\/2026\/03\/ENTREGA-DE-TROFEUS-MABILSON-E-NEBLU-2-24x32.jpeg 24w, https:\/\/www.anfangola.com\/wp-content\/uploads\/2026\/03\/ENTREGA-DE-TROFEUS-MABILSON-E-NEBLU-2-1024x1365.jpeg 1024w, https:\/\/www.anfangola.com\/wp-content\/uploads\/2026\/03\/ENTREGA-DE-TROFEUS-MABILSON-E-NEBLU-2.jpeg 1200w\" sizes=\"(max-width: 768px) 100vw, 768px\" \/><\/figure>\n\n\n\n<p>PARAB\u00c9NS AOS VENCEDORES!<\/p>\n\n\n\n<p>ANFA, A VOZ DO FUTEBOLISTA EM ANGOLA!<\/p>\n","protected":false},"excerpt":{"rendered":"<p>Os jogadores Mabilson e Nebl\u00fa, ambos do Clube Desportivo 1.\u00ba de Agosto, receberam no dia&#8230;<\/p>\n","protected":false},"author":2,"featured_media":3558,"comment_status":"closed","ping_status":"closed","sticky":false,"template":"","format":"standard","meta":[],"categories":[61],"tags":[],"_links":{"self":[{"href":"https:\/\/www.anfangola.com\/index.php?rest_route=\/wp\/v2\/posts\/3566"}],"collection":[{"href":"https:\/\/www.anfangola.com\/index.php?rest_route=\/wp\/v2\/posts"}],"about":[{"href":"https:\/\/www.anfangola.com\/index.php?rest_route=\/wp\/v2\/types\/post"}],"author":[{"embeddable":true,"href":"https:\/\/www.anfangola.com\/index.php?rest_route=\/wp\/v2\/users\/2"}],"replies":[{"embeddable":true,"href":"https:\/\/www.anfangola.com\/index.php?rest_route=%2Fwp%2Fv2%2Fcomments&post=3566"}],"version-history":[{"count":2,"href":"https:\/\/www.anfangola.com\/index.php?rest_route=\/wp\/v2\/posts\/3566\/revisions"}],"predecessor-version":[{"id":3569,"href":"https:\/\/www.anfangola.com\/index.php?rest_route=\/wp\/v2\/posts\/3566\/revisions\/3569"}],"wp:featuredmedia":[{"embeddable":true,"href":"https:\/\/www.anfangola.com\/index.php?rest_route=\/wp\/v2\/media\/3558"}],"wp:attachment":[{"href":"https:\/\/www.anfangola.com\/index.php?rest_route=%2Fwp%2Fv2%2Fmedia&parent=3566"}],"wp:term":[{"taxonomy":"category","embeddable":true,"href":"https:\/\/www.anfangola.com\/index.php?rest_route=%2Fwp%2Fv2%2Fcategories&post=3566"},{"taxonomy":"post_tag","embeddable":true,"href":"https:\/\/www.anfangola.com\/index.php?rest_route=%2Fwp%2Fv2%2Ftags&post=3566"}],"curies":[{"name":"wp","href":"https:\/\/api.w.org\/{rel}","templated":true}]}}