{"id":685,"date":"2021-07-17T09:42:57","date_gmt":"2021-07-17T09:42:57","guid":{"rendered":"http:\/\/www.anfangola.com\/?p=685"},"modified":"2021-07-17T09:42:59","modified_gmt":"2021-07-17T09:42:59","slug":"miudo-vidinho-recebeu-o-seu-trofeu-de-junho","status":"publish","type":"post","link":"https:\/\/www.anfangola.com\/?p=685","title":{"rendered":"Mi\u00fado Vidinho recebeu o seu trof\u00e9u de Junho"},"content":{"rendered":"\n<p>Das m\u00e3os do Presidente de Direc\u00e7\u00e3o da ANFA Igor Nascimento, Vidinho recebeu o trof\u00e9u Mi\u00fado Neto que o distinguiu como o Jovem Jogador do m\u00eas de Junho do Girabola 2020\/2021.<\/p>\n\n\n\n<figure class=\"wp-block-image size-large\"><img loading=\"lazy\" width=\"768\" height=\"1024\" src=\"https:\/\/www.anfangola.com\/wp-content\/uploads\/2021\/07\/IMG-20210717-WA0028-768x1024.jpg\" alt=\"\" class=\"wp-image-688\" srcset=\"https:\/\/www.anfangola.com\/wp-content\/uploads\/2021\/07\/IMG-20210717-WA0028-768x1024.jpg 768w, https:\/\/www.anfangola.com\/wp-content\/uploads\/2021\/07\/IMG-20210717-WA0028-225x300.jpg 225w, https:\/\/www.anfangola.com\/wp-content\/uploads\/2021\/07\/IMG-20210717-WA0028-96x128.jpg 96w, https:\/\/www.anfangola.com\/wp-content\/uploads\/2021\/07\/IMG-20210717-WA0028-24x32.jpg 24w, https:\/\/www.anfangola.com\/wp-content\/uploads\/2021\/07\/IMG-20210717-WA0028.jpg 960w\" sizes=\"(max-width: 768px) 100vw, 768px\" \/><\/figure>\n\n\n\n<figure class=\"wp-block-image size-large is-resized\"><img loading=\"lazy\" src=\"https:\/\/www.anfangola.com\/wp-content\/uploads\/2021\/07\/IMG-20210717-WA0026-768x1024.jpg\" alt=\"\" class=\"wp-image-689\" width=\"205\" height=\"273\" srcset=\"https:\/\/www.anfangola.com\/wp-content\/uploads\/2021\/07\/IMG-20210717-WA0026-768x1024.jpg 768w, https:\/\/www.anfangola.com\/wp-content\/uploads\/2021\/07\/IMG-20210717-WA0026-225x300.jpg 225w, https:\/\/www.anfangola.com\/wp-content\/uploads\/2021\/07\/IMG-20210717-WA0026-96x128.jpg 96w, https:\/\/www.anfangola.com\/wp-content\/uploads\/2021\/07\/IMG-20210717-WA0026-24x32.jpg 24w, https:\/\/www.anfangola.com\/wp-content\/uploads\/2021\/07\/IMG-20210717-WA0026.jpg 960w\" sizes=\"(max-width: 205px) 100vw, 205px\" \/><\/figure>\n","protected":false},"excerpt":{"rendered":"<p>Das m\u00e3os do Presidente de Direc\u00e7\u00e3o da ANFA Igor Nascimento, Vidinho recebeu o trof\u00e9u Mi\u00fado&#8230;<\/p>\n","protected":false},"author":3,"featured_media":686,"comment_status":"closed","ping_status":"closed","sticky":false,"template":"","format":"standard","meta":[],"categories":[1],"tags":[],"_links":{"self":[{"href":"https:\/\/www.anfangola.com\/index.php?rest_route=\/wp\/v2\/posts\/685"}],"collection":[{"href":"https:\/\/www.anfangola.com\/index.php?rest_route=\/wp\/v2\/posts"}],"about":[{"href":"https:\/\/www.anfangola.com\/index.php?rest_route=\/wp\/v2\/types\/post"}],"author":[{"embeddable":true,"href":"https:\/\/www.anfangola.com\/index.php?rest_route=\/wp\/v2\/users\/3"}],"replies":[{"embeddable":true,"href":"https:\/\/www.anfangola.com\/index.php?rest_route=%2Fwp%2Fv2%2Fcomments&post=685"}],"version-history":[{"count":1,"href":"https:\/\/www.anfangola.com\/index.php?rest_route=\/wp\/v2\/posts\/685\/revisions"}],"predecessor-version":[{"id":690,"href":"https:\/\/www.anfangola.com\/index.php?rest_route=\/wp\/v2\/posts\/685\/revisions\/690"}],"wp:featuredmedia":[{"embeddable":true,"href":"https:\/\/www.anfangola.com\/index.php?rest_route=\/wp\/v2\/media\/686"}],"wp:attachment":[{"href":"https:\/\/www.anfangola.com\/index.php?rest_route=%2Fwp%2Fv2%2Fmedia&parent=685"}],"wp:term":[{"taxonomy":"category","embeddable":true,"href":"https:\/\/www.anfangola.com\/index.php?rest_route=%2Fwp%2Fv2%2Fcategories&post=685"},{"taxonomy":"post_tag","embeddable":true,"href":"https:\/\/www.anfangola.com\/index.php?rest_route=%2Fwp%2Fv2%2Ftags&post=685"}],"curies":[{"name":"wp","href":"https:\/\/api.w.org\/{rel}","templated":true}]}}